{"id":16138,"date":"2021-03-25T09:13:31","date_gmt":"2021-03-25T08:13:31","guid":{"rendered":"https:\/\/visitcalvia.org\/?p=16138"},"modified":"2021-03-25T11:01:20","modified_gmt":"2021-03-25T10:01:20","slug":"creu-del-desembarcament-2","status":"publish","type":"post","link":"https:\/\/visitcalvia.org\/ca\/creu-del-desembarcament-2\/","title":{"rendered":"Creu del desembarcament"},"content":{"rendered":"<div class=\"wpb-content-wrapper\"><p><span style=\"vertical-align: inherit;\"><span style=\"vertical-align: inherit;\">[vc_row] [vc_column] [vc_column_text]<\/span><\/span><\/p>\n<h4>Perqu\u00e8 hi ha llocs que conten hist\u00f2ries\u2026<\/h4>\n<h4>M\u00e9s conegut com la \u201cCreu de Santa\u00a0Pon\u00e7a\u201d, aquesta creu situada en\u00a0Sa\u00a0Caleta, un rac\u00f3 amb mem\u00f2ria hist\u00f2rica pr\u00f2xim al port de Santa\u00a0Pon\u00e7a, \u00e9s un monument commemoratiu del lloc on conten les hist\u00f2ries que va desembarcar el rei Jaume I per a conquistar l&#8217;illa de Mallorca.<\/h4>\n<p>&nbsp;<\/p>\n<p>&nbsp;<\/p>\n<p><span style=\"vertical-align: inherit;\"><span style=\"vertical-align: inherit;\">[vc_column_text css = &#8220;. vc_custom_1504018063241 {padding-top: 9px! important; padding-bottom: 18px! important;}&#8221;]<\/span><\/span><\/p>\n<\/div>","protected":false},"excerpt":{"rendered":"<p>[vc_row] [vc_column] [vc_column_text] Perqu\u00e8 hi ha llocs que conten hist\u00f2ries\u2026 M\u00e9s conegut com la \u201cCreu de Santa\u00a0Pon\u00e7a\u201d, aquesta creu situada en\u00a0Sa\u00a0Caleta, un rac\u00f3 amb mem\u00f2ria hist\u00f2rica pr\u00f2xim al port de Santa\u00a0Pon\u00e7a, \u00e9s un monument commemoratiu del lloc on conten les hist\u00f2ries que va desembarcar el rei Jaume I per a conquistar l&#8217;illa de Mallorca. [&hellip;]<\/p>\n","protected":false},"author":182516946,"featured_media":15787,"comment_status":"open","ping_status":"open","sticky":false,"template":"","format":"standard","meta":{"_coblocks_attr":"","_coblocks_dimensions":"","_coblocks_responsive_height":"","_coblocks_accordion_ie_support":"","_crdt_document":"","_jetpack_newsletter_access":"","_jetpack_dont_email_post_to_subs":false,"_jetpack_newsletter_tier_id":0,"_jetpack_memberships_contains_paywalled_content":false,"_jetpack_memberships_contains_paid_content":false,"footnotes":"","jetpack_publicize_message":"","jetpack_publicize_feature_enabled":true,"jetpack_social_post_already_shared":true,"jetpack_social_options":{"image_generator_settings":{"template":"highway","default_image_id":0,"font":"","enabled":false},"version":2},"_wpas_customize_per_network":false,"jetpack_post_was_ever_published":false},"categories":[733,1445,934,1444],"tags":[],"class_list":["post-16138","post","type-post","status-publish","format-standard","has-post-thumbnail","hentry","category-atraccions-ca","category-racons-per-descobrir-ca","category-senderisme-ca","category-urbanitzacio-galatzo-ca"],"yoast_head":"<!-- This site is optimized with the Yoast SEO plugin v27.5 - https:\/\/yoast.com\/product\/yoast-seo-wordpress\/ -->\n<title>Creu del desembarcament - Racons per descobrir a Calvi\u00e0 - Visit Calvi\u00e0<\/title>\n<meta name=\"description\" content=\"M\u00e9s conegut com la \u201cCreu de Santa Pon\u00e7a\u201d, aquesta creu situada prop del port de Santa Pon\u00e7a \u00e9s un monument commemoratiu de la conquesta de Mallorca.\" \/>\n<meta name=\"robots\" content=\"index, follow, max-snippet:-1, max-image-preview:large, max-video-preview:-1\" \/>\n<link rel=\"canonical\" href=\"https:\/\/visitcalvia.org\/ca\/creu-del-desembarcament-2\/\" \/>\n<meta property=\"og:locale\" content=\"ca_ES\" \/>\n<meta property=\"og:type\" content=\"article\" \/>\n<meta property=\"og:title\" content=\"Creu del desembarcament - Racons per descobrir a Calvi\u00e0 - Visit Calvi\u00e0\" \/>\n<meta property=\"og:description\" content=\"M\u00e9s conegut com la \u201cCreu de Santa Pon\u00e7a\u201d, aquesta creu situada prop del port de Santa Pon\u00e7a \u00e9s un monument commemoratiu de la conquesta de Mallorca.\" \/>\n<meta property=\"og:url\" content=\"https:\/\/visitcalvia.org\/ca\/creu-del-desembarcament-2\/\" \/>\n<meta property=\"og:site_name\" content=\"visitcalvia\" \/>\n<meta property=\"article:published_time\" content=\"2021-03-25T08:13:31+00:00\" \/>\n<meta property=\"article:modified_time\" content=\"2021-03-25T10:01:20+00:00\" \/>\n<meta property=\"og:image\" content=\"https:\/\/i1.wp.com\/visitcalvia.org\/wp-content\/uploads\/2021\/03\/entrada-cruz-desembarco-es.jpg?fit=2000%2C1328&ssl=1\" \/>\n\t<meta property=\"og:image:width\" content=\"2000\" \/>\n\t<meta property=\"og:image:height\" content=\"1328\" \/>\n\t<meta property=\"og:image:type\" content=\"image\/jpeg\" \/>\n<meta name=\"author\" content=\"visitcalvia\" \/>\n<meta name=\"twitter:card\" content=\"summary_large_image\" \/>\n<meta name=\"twitter:label1\" content=\"Escrit per\" \/>\n\t<meta name=\"twitter:data1\" content=\"visitcalvia\" \/>\n\t<meta name=\"twitter:label2\" content=\"Temps estimat de lectura\" \/>\n\t<meta name=\"twitter:data2\" content=\"1 minut\" \/>\n<script type=\"application\/ld+json\" class=\"yoast-schema-graph\">{\"@context\":\"https:\\\/\\\/schema.org\",\"@graph\":[{\"@type\":\"Article\",\"@id\":\"https:\\\/\\\/visitcalvia.org\\\/ca\\\/creu-del-desembarcament-2\\\/#article\",\"isPartOf\":{\"@id\":\"https:\\\/\\\/visitcalvia.org\\\/ca\\\/creu-del-desembarcament-2\\\/\"},\"author\":{\"name\":\"visitcalvia\",\"@id\":\"https:\\\/\\\/visitcalvia.org\\\/ca\\\/#\\\/schema\\\/person\\\/a9958b6ea4d14c3af86a8f68c63717d9\"},\"headline\":\"Creu del desembarcament\",\"datePublished\":\"2021-03-25T08:13:31+00:00\",\"dateModified\":\"2021-03-25T10:01:20+00:00\",\"mainEntityOfPage\":{\"@id\":\"https:\\\/\\\/visitcalvia.org\\\/ca\\\/creu-del-desembarcament-2\\\/\"},\"wordCount\":88,\"commentCount\":0,\"image\":{\"@id\":\"https:\\\/\\\/visitcalvia.org\\\/ca\\\/creu-del-desembarcament-2\\\/#primaryimage\"},\"thumbnailUrl\":\"https:\\\/\\\/i0.wp.com\\\/visitcalvia.org\\\/wp-content\\\/uploads\\\/2021\\\/03\\\/entrada-cruz-desembarco-es.jpg?fit=2000%2C1328&ssl=1\",\"articleSection\":[\"Atraccions\",\"Racons per descobrir\",\"Senderisme\",\"Urbanitzaci\u00f3 Galatz\u00f3\"],\"inLanguage\":\"ca\",\"potentialAction\":[{\"@type\":\"CommentAction\",\"name\":\"Comment\",\"target\":[\"https:\\\/\\\/visitcalvia.org\\\/ca\\\/creu-del-desembarcament-2\\\/#respond\"]}]},{\"@type\":\"WebPage\",\"@id\":\"https:\\\/\\\/visitcalvia.org\\\/ca\\\/creu-del-desembarcament-2\\\/\",\"url\":\"https:\\\/\\\/visitcalvia.org\\\/ca\\\/creu-del-desembarcament-2\\\/\",\"name\":\"Creu del desembarcament - Racons per descobrir a Calvi\u00e0 - Visit Calvi\u00e0\",\"isPartOf\":{\"@id\":\"https:\\\/\\\/visitcalvia.org\\\/ca\\\/#website\"},\"primaryImageOfPage\":{\"@id\":\"https:\\\/\\\/visitcalvia.org\\\/ca\\\/creu-del-desembarcament-2\\\/#primaryimage\"},\"image\":{\"@id\":\"https:\\\/\\\/visitcalvia.org\\\/ca\\\/creu-del-desembarcament-2\\\/#primaryimage\"},\"thumbnailUrl\":\"https:\\\/\\\/i0.wp.com\\\/visitcalvia.org\\\/wp-content\\\/uploads\\\/2021\\\/03\\\/entrada-cruz-desembarco-es.jpg?fit=2000%2C1328&ssl=1\",\"datePublished\":\"2021-03-25T08:13:31+00:00\",\"dateModified\":\"2021-03-25T10:01:20+00:00\",\"author\":{\"@id\":\"https:\\\/\\\/visitcalvia.org\\\/ca\\\/#\\\/schema\\\/person\\\/a9958b6ea4d14c3af86a8f68c63717d9\"},\"description\":\"M\u00e9s conegut com la \u201cCreu de Santa Pon\u00e7a\u201d, aquesta creu situada prop del port de Santa Pon\u00e7a \u00e9s un monument commemoratiu de la conquesta de Mallorca.\",\"breadcrumb\":{\"@id\":\"https:\\\/\\\/visitcalvia.org\\\/ca\\\/creu-del-desembarcament-2\\\/#breadcrumb\"},\"inLanguage\":\"ca\",\"potentialAction\":[{\"@type\":\"ReadAction\",\"target\":[\"https:\\\/\\\/visitcalvia.org\\\/ca\\\/creu-del-desembarcament-2\\\/\"]}]},{\"@type\":\"ImageObject\",\"inLanguage\":\"ca\",\"@id\":\"https:\\\/\\\/visitcalvia.org\\\/ca\\\/creu-del-desembarcament-2\\\/#primaryimage\",\"url\":\"https:\\\/\\\/i0.wp.com\\\/visitcalvia.org\\\/wp-content\\\/uploads\\\/2021\\\/03\\\/entrada-cruz-desembarco-es.jpg?fit=2000%2C1328&ssl=1\",\"contentUrl\":\"https:\\\/\\\/i0.wp.com\\\/visitcalvia.org\\\/wp-content\\\/uploads\\\/2021\\\/03\\\/entrada-cruz-desembarco-es.jpg?fit=2000%2C1328&ssl=1\",\"width\":2000,\"height\":1328},{\"@type\":\"BreadcrumbList\",\"@id\":\"https:\\\/\\\/visitcalvia.org\\\/ca\\\/creu-del-desembarcament-2\\\/#breadcrumb\",\"itemListElement\":[{\"@type\":\"ListItem\",\"position\":1,\"name\":\"Portada\",\"item\":\"https:\\\/\\\/visitcalvia.org\\\/ca\\\/\"},{\"@type\":\"ListItem\",\"position\":2,\"name\":\"Creu del desembarcament\"}]},{\"@type\":\"WebSite\",\"@id\":\"https:\\\/\\\/visitcalvia.org\\\/ca\\\/#website\",\"url\":\"https:\\\/\\\/visitcalvia.org\\\/ca\\\/\",\"name\":\"visitcalvia\",\"description\":\"Vacaciones en Mallorca \u2013 Calvi\u00e0 m\u00faltiples destinos en uno s\u00f3lo lugar. Palmanova, Santa Pon\u00e7a, Magaluf, Peguera, Portals Nous, Costa d\u2019en Blanes, Cala Vinyes\",\"potentialAction\":[{\"@type\":\"SearchAction\",\"target\":{\"@type\":\"EntryPoint\",\"urlTemplate\":\"https:\\\/\\\/visitcalvia.org\\\/ca\\\/?s={search_term_string}\"},\"query-input\":{\"@type\":\"PropertyValueSpecification\",\"valueRequired\":true,\"valueName\":\"search_term_string\"}}],\"inLanguage\":\"ca\"},{\"@type\":\"Person\",\"@id\":\"https:\\\/\\\/visitcalvia.org\\\/ca\\\/#\\\/schema\\\/person\\\/a9958b6ea4d14c3af86a8f68c63717d9\",\"name\":\"visitcalvia\",\"image\":{\"@type\":\"ImageObject\",\"inLanguage\":\"ca\",\"@id\":\"https:\\\/\\\/secure.gravatar.com\\\/avatar\\\/9c4dc0c75576f24c11915ce419153364df184d60724a9d0df2b88363dd15a241?s=96&d=identicon&r=g\",\"url\":\"https:\\\/\\\/secure.gravatar.com\\\/avatar\\\/9c4dc0c75576f24c11915ce419153364df184d60724a9d0df2b88363dd15a241?s=96&d=identicon&r=g\",\"contentUrl\":\"https:\\\/\\\/secure.gravatar.com\\\/avatar\\\/9c4dc0c75576f24c11915ce419153364df184d60724a9d0df2b88363dd15a241?s=96&d=identicon&r=g\",\"caption\":\"visitcalvia\"},\"sameAs\":[\"http:\\\/\\\/visitcalvia.wordpress.com\"],\"url\":\"https:\\\/\\\/visitcalvia.org\\\/ca\\\/author\\\/visitcalvia\\\/\"}]}<\/script>\n<!-- \/ Yoast SEO plugin. -->","yoast_head_json":{"title":"Creu del desembarcament - Racons per descobrir a Calvi\u00e0 - Visit Calvi\u00e0","description":"M\u00e9s conegut com la \u201cCreu de Santa Pon\u00e7a\u201d, aquesta creu situada prop del port de Santa Pon\u00e7a \u00e9s un monument commemoratiu de la conquesta de Mallorca.","robots":{"index":"index","follow":"follow","max-snippet":"max-snippet:-1","max-image-preview":"max-image-preview:large","max-video-preview":"max-video-preview:-1"},"canonical":"https:\/\/visitcalvia.org\/ca\/creu-del-desembarcament-2\/","og_locale":"ca_ES","og_type":"article","og_title":"Creu del desembarcament - Racons per descobrir a Calvi\u00e0 - Visit Calvi\u00e0","og_description":"M\u00e9s conegut com la \u201cCreu de Santa Pon\u00e7a\u201d, aquesta creu situada prop del port de Santa Pon\u00e7a \u00e9s un monument commemoratiu de la conquesta de Mallorca.","og_url":"https:\/\/visitcalvia.org\/ca\/creu-del-desembarcament-2\/","og_site_name":"visitcalvia","article_published_time":"2021-03-25T08:13:31+00:00","article_modified_time":"2021-03-25T10:01:20+00:00","og_image":[{"width":2000,"height":1328,"url":"https:\/\/i1.wp.com\/visitcalvia.org\/wp-content\/uploads\/2021\/03\/entrada-cruz-desembarco-es.jpg?fit=2000%2C1328&ssl=1","type":"image\/jpeg"}],"author":"visitcalvia","twitter_card":"summary_large_image","twitter_misc":{"Escrit per":"visitcalvia","Temps estimat de lectura":"1 minut"},"schema":{"@context":"https:\/\/schema.org","@graph":[{"@type":"Article","@id":"https:\/\/visitcalvia.org\/ca\/creu-del-desembarcament-2\/#article","isPartOf":{"@id":"https:\/\/visitcalvia.org\/ca\/creu-del-desembarcament-2\/"},"author":{"name":"visitcalvia","@id":"https:\/\/visitcalvia.org\/ca\/#\/schema\/person\/a9958b6ea4d14c3af86a8f68c63717d9"},"headline":"Creu del desembarcament","datePublished":"2021-03-25T08:13:31+00:00","dateModified":"2021-03-25T10:01:20+00:00","mainEntityOfPage":{"@id":"https:\/\/visitcalvia.org\/ca\/creu-del-desembarcament-2\/"},"wordCount":88,"commentCount":0,"image":{"@id":"https:\/\/visitcalvia.org\/ca\/creu-del-desembarcament-2\/#primaryimage"},"thumbnailUrl":"https:\/\/i0.wp.com\/visitcalvia.org\/wp-content\/uploads\/2021\/03\/entrada-cruz-desembarco-es.jpg?fit=2000%2C1328&ssl=1","articleSection":["Atraccions","Racons per descobrir","Senderisme","Urbanitzaci\u00f3 Galatz\u00f3"],"inLanguage":"ca","potentialAction":[{"@type":"CommentAction","name":"Comment","target":["https:\/\/visitcalvia.org\/ca\/creu-del-desembarcament-2\/#respond"]}]},{"@type":"WebPage","@id":"https:\/\/visitcalvia.org\/ca\/creu-del-desembarcament-2\/","url":"https:\/\/visitcalvia.org\/ca\/creu-del-desembarcament-2\/","name":"Creu del desembarcament - Racons per descobrir a Calvi\u00e0 - Visit Calvi\u00e0","isPartOf":{"@id":"https:\/\/visitcalvia.org\/ca\/#website"},"primaryImageOfPage":{"@id":"https:\/\/visitcalvia.org\/ca\/creu-del-desembarcament-2\/#primaryimage"},"image":{"@id":"https:\/\/visitcalvia.org\/ca\/creu-del-desembarcament-2\/#primaryimage"},"thumbnailUrl":"https:\/\/i0.wp.com\/visitcalvia.org\/wp-content\/uploads\/2021\/03\/entrada-cruz-desembarco-es.jpg?fit=2000%2C1328&ssl=1","datePublished":"2021-03-25T08:13:31+00:00","dateModified":"2021-03-25T10:01:20+00:00","author":{"@id":"https:\/\/visitcalvia.org\/ca\/#\/schema\/person\/a9958b6ea4d14c3af86a8f68c63717d9"},"description":"M\u00e9s conegut com la \u201cCreu de Santa Pon\u00e7a\u201d, aquesta creu situada prop del port de Santa Pon\u00e7a \u00e9s un monument commemoratiu de la conquesta de Mallorca.","breadcrumb":{"@id":"https:\/\/visitcalvia.org\/ca\/creu-del-desembarcament-2\/#breadcrumb"},"inLanguage":"ca","potentialAction":[{"@type":"ReadAction","target":["https:\/\/visitcalvia.org\/ca\/creu-del-desembarcament-2\/"]}]},{"@type":"ImageObject","inLanguage":"ca","@id":"https:\/\/visitcalvia.org\/ca\/creu-del-desembarcament-2\/#primaryimage","url":"https:\/\/i0.wp.com\/visitcalvia.org\/wp-content\/uploads\/2021\/03\/entrada-cruz-desembarco-es.jpg?fit=2000%2C1328&ssl=1","contentUrl":"https:\/\/i0.wp.com\/visitcalvia.org\/wp-content\/uploads\/2021\/03\/entrada-cruz-desembarco-es.jpg?fit=2000%2C1328&ssl=1","width":2000,"height":1328},{"@type":"BreadcrumbList","@id":"https:\/\/visitcalvia.org\/ca\/creu-del-desembarcament-2\/#breadcrumb","itemListElement":[{"@type":"ListItem","position":1,"name":"Portada","item":"https:\/\/visitcalvia.org\/ca\/"},{"@type":"ListItem","position":2,"name":"Creu del desembarcament"}]},{"@type":"WebSite","@id":"https:\/\/visitcalvia.org\/ca\/#website","url":"https:\/\/visitcalvia.org\/ca\/","name":"visitcalvia","description":"Vacaciones en Mallorca \u2013 Calvi\u00e0 m\u00faltiples destinos en uno s\u00f3lo lugar. Palmanova, Santa Pon\u00e7a, Magaluf, Peguera, Portals Nous, Costa d\u2019en Blanes, Cala Vinyes","potentialAction":[{"@type":"SearchAction","target":{"@type":"EntryPoint","urlTemplate":"https:\/\/visitcalvia.org\/ca\/?s={search_term_string}"},"query-input":{"@type":"PropertyValueSpecification","valueRequired":true,"valueName":"search_term_string"}}],"inLanguage":"ca"},{"@type":"Person","@id":"https:\/\/visitcalvia.org\/ca\/#\/schema\/person\/a9958b6ea4d14c3af86a8f68c63717d9","name":"visitcalvia","image":{"@type":"ImageObject","inLanguage":"ca","@id":"https:\/\/secure.gravatar.com\/avatar\/9c4dc0c75576f24c11915ce419153364df184d60724a9d0df2b88363dd15a241?s=96&d=identicon&r=g","url":"https:\/\/secure.gravatar.com\/avatar\/9c4dc0c75576f24c11915ce419153364df184d60724a9d0df2b88363dd15a241?s=96&d=identicon&r=g","contentUrl":"https:\/\/secure.gravatar.com\/avatar\/9c4dc0c75576f24c11915ce419153364df184d60724a9d0df2b88363dd15a241?s=96&d=identicon&r=g","caption":"visitcalvia"},"sameAs":["http:\/\/visitcalvia.wordpress.com"],"url":"https:\/\/visitcalvia.org\/ca\/author\/visitcalvia\/"}]}},"jetpack_publicize_connections":[],"jetpack_featured_media_url":"https:\/\/i0.wp.com\/visitcalvia.org\/wp-content\/uploads\/2021\/03\/entrada-cruz-desembarco-es.jpg?fit=2000%2C1328&ssl=1","jetpack_likes_enabled":false,"jetpack_sharing_enabled":false,"jetpack_shortlink":"https:\/\/wp.me\/pbP1bo-4ci","amp_enabled":true,"_links":{"self":[{"href":"https:\/\/visitcalvia.org\/ca\/wp-json\/wp\/v2\/posts\/16138","targetHints":{"allow":["GET"]}}],"collection":[{"href":"https:\/\/visitcalvia.org\/ca\/wp-json\/wp\/v2\/posts"}],"about":[{"href":"https:\/\/visitcalvia.org\/ca\/wp-json\/wp\/v2\/types\/post"}],"author":[{"embeddable":true,"href":"https:\/\/visitcalvia.org\/ca\/wp-json\/wp\/v2\/users\/182516946"}],"replies":[{"embeddable":true,"href":"https:\/\/visitcalvia.org\/ca\/wp-json\/wp\/v2\/comments?post=16138"}],"version-history":[{"count":5,"href":"https:\/\/visitcalvia.org\/ca\/wp-json\/wp\/v2\/posts\/16138\/revisions"}],"predecessor-version":[{"id":16204,"href":"https:\/\/visitcalvia.org\/ca\/wp-json\/wp\/v2\/posts\/16138\/revisions\/16204"}],"wp:featuredmedia":[{"embeddable":true,"href":"https:\/\/visitcalvia.org\/ca\/wp-json\/wp\/v2\/media\/15787"}],"wp:attachment":[{"href":"https:\/\/visitcalvia.org\/ca\/wp-json\/wp\/v2\/media?parent=16138"}],"wp:term":[{"taxonomy":"category","embeddable":true,"href":"https:\/\/visitcalvia.org\/ca\/wp-json\/wp\/v2\/categories?post=16138"},{"taxonomy":"post_tag","embeddable":true,"href":"https:\/\/visitcalvia.org\/ca\/wp-json\/wp\/v2\/tags?post=16138"}],"curies":[{"name":"wp","href":"https:\/\/api.w.org\/{rel}","templated":true}]}}