{"id":13764,"date":"2020-04-22T12:57:11","date_gmt":"2020-04-22T10:57:11","guid":{"rendered":"https:\/\/visitcalvia.org\/mercadet-de-nadal-xmas-market\/"},"modified":"2024-11-25T12:46:32","modified_gmt":"2024-11-25T11:46:32","slug":"mercadet-de-nadal-xmas-market","status":"publish","type":"post","link":"https:\/\/visitcalvia.org\/de\/mercadet-de-nadal-xmas-market\/","title":{"rendered":"Christmas Market Mallorca"},"content":{"rendered":"<div class=\"wpb-content-wrapper\"><p><span style=\"vertical-align: inherit;\"><span style=\"vertical-align: inherit;\">[vc_row] [vc_column] [vc_column_text]<\/span><\/span><\/p>\n<h4><!-- MINUSVALIDOS --><img data-recalc-dims=\"1\" decoding=\"async\" class=\"alignnone\" src=\"https:\/\/i0.wp.com\/visitcalvia.org\/wp-content\/uploads\/2024\/11\/ubica-verde.png?resize=32%2C32&#038;ssl=1\" alt=\"\" width=\"32\" height=\"32\" \/> <strong>Christmas Market Mallorca<\/strong><b> &#8211; <\/b>Este mercado celebrado el primer domingo de diciembre en el recinto ferial el Molino de Santa Pon\u00e7a, es un evento familiar que marca el inicio de las fiestas navide\u00f1as en el municipio. Con un mercado artesanal como protagonista, el evento ofrece una variada programaci\u00f3n con m\u00fasica en vivo, animaci\u00f3n, magia, baile y showcooking. Adem\u00e1s, cuenta con espacios para atracciones infantiles, exposiciones, un mercadillo de regalos y todo ello tematizado con la Navidad.<\/h4>\n<h4><img data-recalc-dims=\"1\" decoding=\"async\" class=\"alignnone\" src=\"https:\/\/i0.wp.com\/visitcalvia.org\/wp-content\/uploads\/2024\/11\/calen-verded.png?resize=32%2C32&#038;ssl=1\" alt=\"\" width=\"32\" height=\"32\" \/><strong> Del 22 de noviembre al 15 de diciembre, en horario de 17:00 a 22:00 horas de lunes a viernes, y de 10:00 a 22:00 horas los fines de semana y festivos.<\/strong><\/h4>\n<p>&nbsp;<\/p>\n<p><iframe style=\"border: 0;\" src=\"https:\/\/www.google.com\/maps\/embed?pb=!1m18!1m12!1m3!1d7701.901479027313!2d2.4917811900614604!3d39.52453653623288!2m3!1f0!2f0!3f0!3m2!1i1024!2i768!4f13.1!3m3!1m2!1s0x129789a1e0f17e3b%3A0x4867e4a63d8b827!2sRecinte%20firal%20El%20Mol%C3%AD%20de%20Calvi%C3%A0!5e1!3m2!1ses!2ses!4v1732535138006!5m2!1ses!2ses\" width=\"600\" height=\"450\" allowfullscreen=\"allowfullscreen\"><\/iframe><\/p>\n<p><span style=\"vertical-align: inherit;\"><span style=\"vertical-align: inherit;\">[vc_column_text css = &#8222;. vc_custom_1504018063241 {padding-top: 9px! important; padding-bottom: 18px! important;}&#8220;]<\/span><\/span><\/p>\n<\/div>","protected":false},"excerpt":{"rendered":"<p>Es un evento familiar con un elemento principal que es el mercado artesanal y un escenario con m\u00fasica en vivo, animaci\u00f3n, magia, baile, showcookings\u2026<\/p>\n","protected":false},"author":182516946,"featured_media":27245,"comment_status":"closed","ping_status":"closed","sticky":false,"template":"","format":"standard","meta":{"_coblocks_attr":"","_coblocks_dimensions":"","_coblocks_responsive_height":"","_coblocks_accordion_ie_support":"","_crdt_document":"","_jetpack_newsletter_access":"","_jetpack_dont_email_post_to_subs":false,"_jetpack_newsletter_tier_id":0,"_jetpack_memberships_contains_paywalled_content":false,"_jetpack_memberships_contains_paid_content":false,"footnotes":"","jetpack_publicize_message":"","jetpack_publicize_feature_enabled":true,"jetpack_social_post_already_shared":true,"jetpack_social_options":{"image_generator_settings":{"template":"highway","default_image_id":0,"font":"","enabled":false},"version":2},"_wpas_customize_per_network":false,"jetpack_post_was_ever_published":false},"categories":[1280,1282,1283,1286,1284,1285,1281],"tags":[1287,1288,1290,1289],"class_list":["post-13764","post","type-post","status-publish","format-standard","has-post-thumbnail","hentry","category-attraktionen-de","category-fuer-familien-de","category-fuer-zweit-de","category-jugendliche-und-erwachsene-de","category-messen-de","category-messen-und-maerkte-de","category-mit-freunden-de","tag-fuer-familien-de","tag-fuer-zweit-de","tag-jugendliche-und-erwachsene-de","tag-messen-und-maerkte-de"],"yoast_head":"<!-- This site is optimized with the Yoast SEO plugin v27.4 - https:\/\/yoast.com\/product\/yoast-seo-wordpress\/ -->\n<title>Mercadet de Nadal\/ Xmas Market - Visit Calvi\u00e0 - Evento familiar<\/title>\n<meta name=\"description\" content=\"El Mercadet de Nadal\/ Xmas Market es un evento familiar formado por un mercado artesanal, un escenario con m\u00fasica en vivo, animaci\u00f3n, magia, baile...\" \/>\n<meta name=\"robots\" content=\"index, follow, max-snippet:-1, max-image-preview:large, max-video-preview:-1\" \/>\n<link rel=\"canonical\" href=\"https:\/\/visitcalvia.org\/de\/mercadet-de-nadal-xmas-market\/\" \/>\n<meta property=\"og:locale\" content=\"de_DE\" \/>\n<meta property=\"og:type\" content=\"article\" \/>\n<meta property=\"og:title\" content=\"Mercadet de Nadal\/ Xmas Market - Visit Calvi\u00e0 - Evento familiar\" \/>\n<meta property=\"og:description\" content=\"El Mercadet de Nadal\/ Xmas Market es un evento familiar formado por un mercado artesanal, un escenario con m\u00fasica en vivo, animaci\u00f3n, magia, baile...\" \/>\n<meta property=\"og:url\" content=\"https:\/\/visitcalvia.org\/de\/mercadet-de-nadal-xmas-market\/\" \/>\n<meta property=\"og:site_name\" content=\"visitcalvia\" \/>\n<meta property=\"article:published_time\" content=\"2020-04-22T10:57:11+00:00\" \/>\n<meta property=\"article:modified_time\" content=\"2024-11-25T11:46:32+00:00\" \/>\n<meta property=\"og:image\" content=\"https:\/\/visitcalvia.org\/wp-content\/uploads\/2020\/04\/78805092_1500822616761329_7695594642875613184_n-scaled.jpg\" \/>\n\t<meta property=\"og:image:width\" content=\"2000\" \/>\n\t<meta property=\"og:image:height\" content=\"1333\" \/>\n\t<meta property=\"og:image:type\" content=\"image\/jpeg\" \/>\n<meta name=\"author\" content=\"visitcalvia\" \/>\n<meta name=\"twitter:card\" content=\"summary_large_image\" \/>\n<meta name=\"twitter:label1\" content=\"Verfasst von\" \/>\n\t<meta name=\"twitter:data1\" content=\"visitcalvia\" \/>\n\t<meta name=\"twitter:label2\" content=\"Gesch\u00e4tzte Lesezeit\" \/>\n\t<meta name=\"twitter:data2\" content=\"1\u00a0Minute\" \/>\n<script type=\"application\/ld+json\" class=\"yoast-schema-graph\">{\"@context\":\"https:\\\/\\\/schema.org\",\"@graph\":[{\"@type\":\"Article\",\"@id\":\"https:\\\/\\\/visitcalvia.org\\\/de\\\/mercadet-de-nadal-xmas-market\\\/#article\",\"isPartOf\":{\"@id\":\"https:\\\/\\\/visitcalvia.org\\\/de\\\/mercadet-de-nadal-xmas-market\\\/\"},\"author\":{\"name\":\"visitcalvia\",\"@id\":\"https:\\\/\\\/visitcalvia.org\\\/de\\\/#\\\/schema\\\/person\\\/a9958b6ea4d14c3af86a8f68c63717d9\"},\"headline\":\"Christmas Market Mallorca\",\"datePublished\":\"2020-04-22T10:57:11+00:00\",\"dateModified\":\"2024-11-25T11:46:32+00:00\",\"mainEntityOfPage\":{\"@id\":\"https:\\\/\\\/visitcalvia.org\\\/de\\\/mercadet-de-nadal-xmas-market\\\/\"},\"wordCount\":130,\"image\":{\"@id\":\"https:\\\/\\\/visitcalvia.org\\\/de\\\/mercadet-de-nadal-xmas-market\\\/#primaryimage\"},\"thumbnailUrl\":\"https:\\\/\\\/i0.wp.com\\\/visitcalvia.org\\\/wp-content\\\/uploads\\\/2020\\\/04\\\/78805092_1500822616761329_7695594642875613184_n-scaled.jpg?fit=2000%2C1333&ssl=1\",\"keywords\":[\"F\u00fcr Familien\",\"F\u00fcr zweit\",\"Jugendliche und Erwachsene\",\"Messen und M\u00e4rkte\"],\"articleSection\":[\"Attraktionen\",\"F\u00fcr Familien\",\"F\u00fcr zweit\",\"Jugendliche und Erwachsene\",\"Messen\",\"Messen und M\u00e4rkte\",\"Mit Freunden\"],\"inLanguage\":\"de\"},{\"@type\":\"WebPage\",\"@id\":\"https:\\\/\\\/visitcalvia.org\\\/de\\\/mercadet-de-nadal-xmas-market\\\/\",\"url\":\"https:\\\/\\\/visitcalvia.org\\\/de\\\/mercadet-de-nadal-xmas-market\\\/\",\"name\":\"Mercadet de Nadal\\\/ Xmas Market - Visit Calvi\u00e0 - Evento familiar\",\"isPartOf\":{\"@id\":\"https:\\\/\\\/visitcalvia.org\\\/de\\\/#website\"},\"primaryImageOfPage\":{\"@id\":\"https:\\\/\\\/visitcalvia.org\\\/de\\\/mercadet-de-nadal-xmas-market\\\/#primaryimage\"},\"image\":{\"@id\":\"https:\\\/\\\/visitcalvia.org\\\/de\\\/mercadet-de-nadal-xmas-market\\\/#primaryimage\"},\"thumbnailUrl\":\"https:\\\/\\\/i0.wp.com\\\/visitcalvia.org\\\/wp-content\\\/uploads\\\/2020\\\/04\\\/78805092_1500822616761329_7695594642875613184_n-scaled.jpg?fit=2000%2C1333&ssl=1\",\"datePublished\":\"2020-04-22T10:57:11+00:00\",\"dateModified\":\"2024-11-25T11:46:32+00:00\",\"author\":{\"@id\":\"https:\\\/\\\/visitcalvia.org\\\/de\\\/#\\\/schema\\\/person\\\/a9958b6ea4d14c3af86a8f68c63717d9\"},\"description\":\"El Mercadet de Nadal\\\/ Xmas Market es un evento familiar formado por un mercado artesanal, un escenario con m\u00fasica en vivo, animaci\u00f3n, magia, baile...\",\"breadcrumb\":{\"@id\":\"https:\\\/\\\/visitcalvia.org\\\/de\\\/mercadet-de-nadal-xmas-market\\\/#breadcrumb\"},\"inLanguage\":\"de\",\"potentialAction\":[{\"@type\":\"ReadAction\",\"target\":[\"https:\\\/\\\/visitcalvia.org\\\/de\\\/mercadet-de-nadal-xmas-market\\\/\"]}]},{\"@type\":\"ImageObject\",\"inLanguage\":\"de\",\"@id\":\"https:\\\/\\\/visitcalvia.org\\\/de\\\/mercadet-de-nadal-xmas-market\\\/#primaryimage\",\"url\":\"https:\\\/\\\/i0.wp.com\\\/visitcalvia.org\\\/wp-content\\\/uploads\\\/2020\\\/04\\\/78805092_1500822616761329_7695594642875613184_n-scaled.jpg?fit=2000%2C1333&ssl=1\",\"contentUrl\":\"https:\\\/\\\/i0.wp.com\\\/visitcalvia.org\\\/wp-content\\\/uploads\\\/2020\\\/04\\\/78805092_1500822616761329_7695594642875613184_n-scaled.jpg?fit=2000%2C1333&ssl=1\",\"width\":2000,\"height\":1333},{\"@type\":\"BreadcrumbList\",\"@id\":\"https:\\\/\\\/visitcalvia.org\\\/de\\\/mercadet-de-nadal-xmas-market\\\/#breadcrumb\",\"itemListElement\":[{\"@type\":\"ListItem\",\"position\":1,\"name\":\"Portada\",\"item\":\"https:\\\/\\\/visitcalvia.org\\\/de\\\/\"},{\"@type\":\"ListItem\",\"position\":2,\"name\":\"Christmas Market Mallorca\"}]},{\"@type\":\"WebSite\",\"@id\":\"https:\\\/\\\/visitcalvia.org\\\/de\\\/#website\",\"url\":\"https:\\\/\\\/visitcalvia.org\\\/de\\\/\",\"name\":\"visitcalvia\",\"description\":\"Vacaciones en Mallorca \u2013 Calvi\u00e0 m\u00faltiples destinos en uno s\u00f3lo lugar. Palmanova, Santa Pon\u00e7a, Magaluf, Peguera, Portals Nous, Costa d\u2019en Blanes, Cala Vinyes\",\"potentialAction\":[{\"@type\":\"SearchAction\",\"target\":{\"@type\":\"EntryPoint\",\"urlTemplate\":\"https:\\\/\\\/visitcalvia.org\\\/de\\\/?s={search_term_string}\"},\"query-input\":{\"@type\":\"PropertyValueSpecification\",\"valueRequired\":true,\"valueName\":\"search_term_string\"}}],\"inLanguage\":\"de\"},{\"@type\":\"Person\",\"@id\":\"https:\\\/\\\/visitcalvia.org\\\/de\\\/#\\\/schema\\\/person\\\/a9958b6ea4d14c3af86a8f68c63717d9\",\"name\":\"visitcalvia\",\"image\":{\"@type\":\"ImageObject\",\"inLanguage\":\"de\",\"@id\":\"https:\\\/\\\/secure.gravatar.com\\\/avatar\\\/9c4dc0c75576f24c11915ce419153364df184d60724a9d0df2b88363dd15a241?s=96&d=identicon&r=g\",\"url\":\"https:\\\/\\\/secure.gravatar.com\\\/avatar\\\/9c4dc0c75576f24c11915ce419153364df184d60724a9d0df2b88363dd15a241?s=96&d=identicon&r=g\",\"contentUrl\":\"https:\\\/\\\/secure.gravatar.com\\\/avatar\\\/9c4dc0c75576f24c11915ce419153364df184d60724a9d0df2b88363dd15a241?s=96&d=identicon&r=g\",\"caption\":\"visitcalvia\"},\"sameAs\":[\"http:\\\/\\\/visitcalvia.wordpress.com\"],\"url\":\"https:\\\/\\\/visitcalvia.org\\\/de\\\/author\\\/visitcalvia\\\/\"}]}<\/script>\n<!-- \/ Yoast SEO plugin. -->","yoast_head_json":{"title":"Mercadet de Nadal\/ Xmas Market - Visit Calvi\u00e0 - Evento familiar","description":"El Mercadet de Nadal\/ Xmas Market es un evento familiar formado por un mercado artesanal, un escenario con m\u00fasica en vivo, animaci\u00f3n, magia, baile...","robots":{"index":"index","follow":"follow","max-snippet":"max-snippet:-1","max-image-preview":"max-image-preview:large","max-video-preview":"max-video-preview:-1"},"canonical":"https:\/\/visitcalvia.org\/de\/mercadet-de-nadal-xmas-market\/","og_locale":"de_DE","og_type":"article","og_title":"Mercadet de Nadal\/ Xmas Market - Visit Calvi\u00e0 - Evento familiar","og_description":"El Mercadet de Nadal\/ Xmas Market es un evento familiar formado por un mercado artesanal, un escenario con m\u00fasica en vivo, animaci\u00f3n, magia, baile...","og_url":"https:\/\/visitcalvia.org\/de\/mercadet-de-nadal-xmas-market\/","og_site_name":"visitcalvia","article_published_time":"2020-04-22T10:57:11+00:00","article_modified_time":"2024-11-25T11:46:32+00:00","og_image":[{"width":2000,"height":1333,"url":"https:\/\/visitcalvia.org\/wp-content\/uploads\/2020\/04\/78805092_1500822616761329_7695594642875613184_n-scaled.jpg","type":"image\/jpeg"}],"author":"visitcalvia","twitter_card":"summary_large_image","twitter_misc":{"Verfasst von":"visitcalvia","Gesch\u00e4tzte Lesezeit":"1\u00a0Minute"},"schema":{"@context":"https:\/\/schema.org","@graph":[{"@type":"Article","@id":"https:\/\/visitcalvia.org\/de\/mercadet-de-nadal-xmas-market\/#article","isPartOf":{"@id":"https:\/\/visitcalvia.org\/de\/mercadet-de-nadal-xmas-market\/"},"author":{"name":"visitcalvia","@id":"https:\/\/visitcalvia.org\/de\/#\/schema\/person\/a9958b6ea4d14c3af86a8f68c63717d9"},"headline":"Christmas Market Mallorca","datePublished":"2020-04-22T10:57:11+00:00","dateModified":"2024-11-25T11:46:32+00:00","mainEntityOfPage":{"@id":"https:\/\/visitcalvia.org\/de\/mercadet-de-nadal-xmas-market\/"},"wordCount":130,"image":{"@id":"https:\/\/visitcalvia.org\/de\/mercadet-de-nadal-xmas-market\/#primaryimage"},"thumbnailUrl":"https:\/\/i0.wp.com\/visitcalvia.org\/wp-content\/uploads\/2020\/04\/78805092_1500822616761329_7695594642875613184_n-scaled.jpg?fit=2000%2C1333&ssl=1","keywords":["F\u00fcr Familien","F\u00fcr zweit","Jugendliche und Erwachsene","Messen und M\u00e4rkte"],"articleSection":["Attraktionen","F\u00fcr Familien","F\u00fcr zweit","Jugendliche und Erwachsene","Messen","Messen und M\u00e4rkte","Mit Freunden"],"inLanguage":"de"},{"@type":"WebPage","@id":"https:\/\/visitcalvia.org\/de\/mercadet-de-nadal-xmas-market\/","url":"https:\/\/visitcalvia.org\/de\/mercadet-de-nadal-xmas-market\/","name":"Mercadet de Nadal\/ Xmas Market - Visit Calvi\u00e0 - Evento familiar","isPartOf":{"@id":"https:\/\/visitcalvia.org\/de\/#website"},"primaryImageOfPage":{"@id":"https:\/\/visitcalvia.org\/de\/mercadet-de-nadal-xmas-market\/#primaryimage"},"image":{"@id":"https:\/\/visitcalvia.org\/de\/mercadet-de-nadal-xmas-market\/#primaryimage"},"thumbnailUrl":"https:\/\/i0.wp.com\/visitcalvia.org\/wp-content\/uploads\/2020\/04\/78805092_1500822616761329_7695594642875613184_n-scaled.jpg?fit=2000%2C1333&ssl=1","datePublished":"2020-04-22T10:57:11+00:00","dateModified":"2024-11-25T11:46:32+00:00","author":{"@id":"https:\/\/visitcalvia.org\/de\/#\/schema\/person\/a9958b6ea4d14c3af86a8f68c63717d9"},"description":"El Mercadet de Nadal\/ Xmas Market es un evento familiar formado por un mercado artesanal, un escenario con m\u00fasica en vivo, animaci\u00f3n, magia, baile...","breadcrumb":{"@id":"https:\/\/visitcalvia.org\/de\/mercadet-de-nadal-xmas-market\/#breadcrumb"},"inLanguage":"de","potentialAction":[{"@type":"ReadAction","target":["https:\/\/visitcalvia.org\/de\/mercadet-de-nadal-xmas-market\/"]}]},{"@type":"ImageObject","inLanguage":"de","@id":"https:\/\/visitcalvia.org\/de\/mercadet-de-nadal-xmas-market\/#primaryimage","url":"https:\/\/i0.wp.com\/visitcalvia.org\/wp-content\/uploads\/2020\/04\/78805092_1500822616761329_7695594642875613184_n-scaled.jpg?fit=2000%2C1333&ssl=1","contentUrl":"https:\/\/i0.wp.com\/visitcalvia.org\/wp-content\/uploads\/2020\/04\/78805092_1500822616761329_7695594642875613184_n-scaled.jpg?fit=2000%2C1333&ssl=1","width":2000,"height":1333},{"@type":"BreadcrumbList","@id":"https:\/\/visitcalvia.org\/de\/mercadet-de-nadal-xmas-market\/#breadcrumb","itemListElement":[{"@type":"ListItem","position":1,"name":"Portada","item":"https:\/\/visitcalvia.org\/de\/"},{"@type":"ListItem","position":2,"name":"Christmas Market Mallorca"}]},{"@type":"WebSite","@id":"https:\/\/visitcalvia.org\/de\/#website","url":"https:\/\/visitcalvia.org\/de\/","name":"visitcalvia","description":"Vacaciones en Mallorca \u2013 Calvi\u00e0 m\u00faltiples destinos en uno s\u00f3lo lugar. Palmanova, Santa Pon\u00e7a, Magaluf, Peguera, Portals Nous, Costa d\u2019en Blanes, Cala Vinyes","potentialAction":[{"@type":"SearchAction","target":{"@type":"EntryPoint","urlTemplate":"https:\/\/visitcalvia.org\/de\/?s={search_term_string}"},"query-input":{"@type":"PropertyValueSpecification","valueRequired":true,"valueName":"search_term_string"}}],"inLanguage":"de"},{"@type":"Person","@id":"https:\/\/visitcalvia.org\/de\/#\/schema\/person\/a9958b6ea4d14c3af86a8f68c63717d9","name":"visitcalvia","image":{"@type":"ImageObject","inLanguage":"de","@id":"https:\/\/secure.gravatar.com\/avatar\/9c4dc0c75576f24c11915ce419153364df184d60724a9d0df2b88363dd15a241?s=96&d=identicon&r=g","url":"https:\/\/secure.gravatar.com\/avatar\/9c4dc0c75576f24c11915ce419153364df184d60724a9d0df2b88363dd15a241?s=96&d=identicon&r=g","contentUrl":"https:\/\/secure.gravatar.com\/avatar\/9c4dc0c75576f24c11915ce419153364df184d60724a9d0df2b88363dd15a241?s=96&d=identicon&r=g","caption":"visitcalvia"},"sameAs":["http:\/\/visitcalvia.wordpress.com"],"url":"https:\/\/visitcalvia.org\/de\/author\/visitcalvia\/"}]}},"jetpack_publicize_connections":[],"jetpack_featured_media_url":"https:\/\/i0.wp.com\/visitcalvia.org\/wp-content\/uploads\/2020\/04\/78805092_1500822616761329_7695594642875613184_n-scaled.jpg?fit=2000%2C1333&ssl=1","jetpack_likes_enabled":false,"jetpack_sharing_enabled":false,"jetpack_shortlink":"https:\/\/wp.me\/pbP1bo-3A0","amp_enabled":true,"_links":{"self":[{"href":"https:\/\/visitcalvia.org\/de\/wp-json\/wp\/v2\/posts\/13764","targetHints":{"allow":["GET"]}}],"collection":[{"href":"https:\/\/visitcalvia.org\/de\/wp-json\/wp\/v2\/posts"}],"about":[{"href":"https:\/\/visitcalvia.org\/de\/wp-json\/wp\/v2\/types\/post"}],"author":[{"embeddable":true,"href":"https:\/\/visitcalvia.org\/de\/wp-json\/wp\/v2\/users\/182516946"}],"replies":[{"embeddable":true,"href":"https:\/\/visitcalvia.org\/de\/wp-json\/wp\/v2\/comments?post=13764"}],"version-history":[{"count":2,"href":"https:\/\/visitcalvia.org\/de\/wp-json\/wp\/v2\/posts\/13764\/revisions"}],"predecessor-version":[{"id":27246,"href":"https:\/\/visitcalvia.org\/de\/wp-json\/wp\/v2\/posts\/13764\/revisions\/27246"}],"wp:featuredmedia":[{"embeddable":true,"href":"https:\/\/visitcalvia.org\/de\/wp-json\/wp\/v2\/media\/27245"}],"wp:attachment":[{"href":"https:\/\/visitcalvia.org\/de\/wp-json\/wp\/v2\/media?parent=13764"}],"wp:term":[{"taxonomy":"category","embeddable":true,"href":"https:\/\/visitcalvia.org\/de\/wp-json\/wp\/v2\/categories?post=13764"},{"taxonomy":"post_tag","embeddable":true,"href":"https:\/\/visitcalvia.org\/de\/wp-json\/wp\/v2\/tags?post=13764"}],"curies":[{"name":"wp","href":"https:\/\/api.w.org\/{rel}","templated":true}]}}