{"id":13768,"date":"2020-04-22T12:49:54","date_gmt":"2020-04-22T10:49:54","guid":{"rendered":"https:\/\/visitcalvia.org\/mercados-artesanos-artes-plasticas-y-artistas-callejeros\/"},"modified":"2024-11-25T13:00:07","modified_gmt":"2024-11-25T12:00:07","slug":"mercados-artesanos-artes-plasticas-y-artistas-callejeros","status":"publish","type":"post","link":"https:\/\/visitcalvia.org\/de\/mercados-artesanos-artes-plasticas-y-artistas-callejeros\/","title":{"rendered":"Mercados artesanos, artes pl\u00e1sticas y artistas callejeros"},"content":{"rendered":"<div class=\"wpb-content-wrapper\"><p><span style=\"vertical-align: inherit;\"><span style=\"vertical-align: inherit;\">[vc_row] [vc_column] [vc_column_text]<\/span><\/span><\/p>\n<h4>Dando la bienvenida al verano, cada a\u00f1o entre <strong>mayo y octubre<\/strong>, en las zonas m\u00e1s concurridas del paseo de Calvi\u00e0 de Santa Pon\u00e7a y Peguera una diversidad de artistas callejeros exponen diariamente sus creaciones o bien realizan obras al momento para alegrar el paseo vespertino de todos aquellos turistas que nos visitan.<\/h4>\n<p><strong>PEGUERA:<\/strong><\/p>\n<p><iframe style=\"border: 0;\" tabindex=\"0\" src=\"https:\/\/www.google.com\/maps\/embed?pb=!1m18!1m12!1m3!1d3076.963266044947!2d2.448407515369379!3d39.53788267947695!2m3!1f0!2f0!3f0!3m2!1i1024!2i768!4f13.1!3m3!1m2!1s0x129827504d983ca9%3A0x3785bcd52d2dd9c7!2sBulevar%20de%20Peguera%2C%2007160%2C%20Illes%20Balears!5e0!3m2!1ses!2ses!4v1587553125038!5m2!1ses!2ses\" width=\"400\" height=\"200\" frameborder=\"0\" allowfullscreen=\"allowfullscreen\" aria-hidden=\"false\"><span data-mce-type=\"bookmark\" style=\"display: inline-block; width: 0px; overflow: hidden; line-height: 0;\" class=\"mce_SELRES_start\">\ufeff<\/span><\/iframe><\/p>\n<p><strong>SANTA PON\u00c7A:<\/strong><\/p>\n<p><iframe style=\"border: 0;\" tabindex=\"0\" src=\"https:\/\/www.google.com\/maps\/embed?pb=!1m18!1m12!1m3!1d1538.9796627964029!2d2.4795715581709703!3d39.51540769487003!2m3!1f0!2f0!3f0!3m2!1i1024!2i768!4f13.1!3m3!1m2!1s0x129789b89a05e8af%3A0x1b1033583c0d44b4!2sCarrer%20Balneari%2C%2007183%2C%20Illes%20Balears!5e0!3m2!1ses!2ses!4v1587555406090!5m2!1ses!2ses\" width=\"400\" height=\"200\" frameborder=\"0\" allowfullscreen=\"allowfullscreen\" aria-hidden=\"false\"><\/iframe><\/p>\n<p><span style=\"vertical-align: inherit;\"><span style=\"vertical-align: inherit;\">[vc_column_text css = &#8222;. vc_custom_1504018063241 {padding-top: 9px! important; padding-bottom: 18px! important;}&#8220;]<\/span><\/span><\/p>\n<\/div>","protected":false},"excerpt":{"rendered":"<p>Dando la bienvenida al verano, cada a\u00f1o entre mayo y octubre, en las zonas m\u00e1s concurridas del paseo de Calvi\u00e0 de Santa Pon\u00e7a y Peguera una diversidad de artistas callejeros exponen diariamente sus creaciones o bien realizan obras al momento para alegrar el paseo vespertino de todos aquellos turistas que nos visitan.<\/p>\n","protected":false},"author":182516946,"featured_media":6053,"comment_status":"closed","ping_status":"closed","sticky":false,"template":"","format":"standard","meta":{"_coblocks_attr":"","_coblocks_dimensions":"","_coblocks_responsive_height":"","_coblocks_accordion_ie_support":"","_crdt_document":"","_jetpack_newsletter_access":"","_jetpack_dont_email_post_to_subs":false,"_jetpack_newsletter_tier_id":0,"_jetpack_memberships_contains_paywalled_content":false,"_jetpack_memberships_contains_paid_content":false,"footnotes":"","jetpack_publicize_message":"","jetpack_publicize_feature_enabled":true,"jetpack_social_post_already_shared":true,"jetpack_social_options":{"image_generator_settings":{"template":"highway","default_image_id":0,"font":"","enabled":false},"version":2},"_wpas_customize_per_network":false,"jetpack_post_was_ever_published":false},"categories":[],"tags":[1287,1288,1290,1289,1297,1298],"class_list":["post-13768","post","type-post","status-publish","format-standard","has-post-thumbnail","hentry","tag-fuer-familien-de","tag-fuer-zweit-de","tag-jugendliche-und-erwachsene-de","tag-messen-und-maerkte-de","tag-peguera-de","tag-santa-ponca-de"],"yoast_head":"<!-- This site is optimized with the Yoast SEO plugin v27.4 - https:\/\/yoast.com\/product\/yoast-seo-wordpress\/ -->\n<title>Mercados artesanos, artes pl\u00e1sticas y artistas callejeros - visitcalvia<\/title>\n<meta name=\"robots\" content=\"index, follow, max-snippet:-1, max-image-preview:large, max-video-preview:-1\" \/>\n<link rel=\"canonical\" href=\"https:\/\/visitcalvia.org\/de\/mercados-artesanos-artes-plasticas-y-artistas-callejeros\/\" \/>\n<meta property=\"og:locale\" content=\"de_DE\" \/>\n<meta property=\"og:type\" content=\"article\" \/>\n<meta property=\"og:title\" content=\"Mercados artesanos, artes pl\u00e1sticas y artistas callejeros - visitcalvia\" \/>\n<meta property=\"og:description\" content=\"Dando la bienvenida al verano, cada a\u00f1o entre mayo y octubre, en las zonas m\u00e1s concurridas del paseo de Calvi\u00e0 de Santa Pon\u00e7a y Peguera una diversidad de artistas callejeros exponen diariamente sus creaciones o bien realizan obras al momento para alegrar el paseo vespertino de todos aquellos turistas que nos visitan.\" \/>\n<meta property=\"og:url\" content=\"https:\/\/visitcalvia.org\/de\/mercados-artesanos-artes-plasticas-y-artistas-callejeros\/\" \/>\n<meta property=\"og:site_name\" content=\"visitcalvia\" \/>\n<meta property=\"article:published_time\" content=\"2020-04-22T10:49:54+00:00\" \/>\n<meta property=\"article:modified_time\" content=\"2024-11-25T12:00:07+00:00\" \/>\n<meta property=\"og:image\" content=\"https:\/\/visitcalvia.org\/wp-content\/uploads\/2020\/04\/navidad_0001_Mercado-Peguera.jpg\" \/>\n\t<meta property=\"og:image:width\" content=\"760\" \/>\n\t<meta property=\"og:image:height\" content=\"531\" \/>\n\t<meta property=\"og:image:type\" content=\"image\/jpeg\" \/>\n<meta name=\"author\" content=\"visitcalvia\" \/>\n<meta name=\"twitter:card\" content=\"summary_large_image\" \/>\n<meta name=\"twitter:label1\" content=\"Verfasst von\" \/>\n\t<meta name=\"twitter:data1\" content=\"visitcalvia\" \/>\n<script type=\"application\/ld+json\" class=\"yoast-schema-graph\">{\"@context\":\"https:\\\/\\\/schema.org\",\"@graph\":[{\"@type\":\"Article\",\"@id\":\"https:\\\/\\\/visitcalvia.org\\\/de\\\/mercados-artesanos-artes-plasticas-y-artistas-callejeros\\\/#article\",\"isPartOf\":{\"@id\":\"https:\\\/\\\/visitcalvia.org\\\/de\\\/mercados-artesanos-artes-plasticas-y-artistas-callejeros\\\/\"},\"author\":{\"name\":\"visitcalvia\",\"@id\":\"https:\\\/\\\/visitcalvia.org\\\/de\\\/#\\\/schema\\\/person\\\/a9958b6ea4d14c3af86a8f68c63717d9\"},\"headline\":\"Mercados artesanos, artes pl\u00e1sticas y artistas callejeros\",\"datePublished\":\"2020-04-22T10:49:54+00:00\",\"dateModified\":\"2024-11-25T12:00:07+00:00\",\"mainEntityOfPage\":{\"@id\":\"https:\\\/\\\/visitcalvia.org\\\/de\\\/mercados-artesanos-artes-plasticas-y-artistas-callejeros\\\/\"},\"wordCount\":86,\"image\":{\"@id\":\"https:\\\/\\\/visitcalvia.org\\\/de\\\/mercados-artesanos-artes-plasticas-y-artistas-callejeros\\\/#primaryimage\"},\"thumbnailUrl\":\"https:\\\/\\\/i0.wp.com\\\/visitcalvia.org\\\/wp-content\\\/uploads\\\/2020\\\/04\\\/navidad_0001_Mercado-Peguera.jpg?fit=760%2C531&ssl=1\",\"keywords\":[\"F\u00fcr Familien\",\"F\u00fcr zweit\",\"Jugendliche und Erwachsene\",\"Messen und M\u00e4rkte\",\"Peguera\",\"Santa Pon\u00e7a\"],\"inLanguage\":\"de\"},{\"@type\":\"WebPage\",\"@id\":\"https:\\\/\\\/visitcalvia.org\\\/de\\\/mercados-artesanos-artes-plasticas-y-artistas-callejeros\\\/\",\"url\":\"https:\\\/\\\/visitcalvia.org\\\/de\\\/mercados-artesanos-artes-plasticas-y-artistas-callejeros\\\/\",\"name\":\"Mercados artesanos, artes pl\u00e1sticas y artistas callejeros - visitcalvia\",\"isPartOf\":{\"@id\":\"https:\\\/\\\/visitcalvia.org\\\/de\\\/#website\"},\"primaryImageOfPage\":{\"@id\":\"https:\\\/\\\/visitcalvia.org\\\/de\\\/mercados-artesanos-artes-plasticas-y-artistas-callejeros\\\/#primaryimage\"},\"image\":{\"@id\":\"https:\\\/\\\/visitcalvia.org\\\/de\\\/mercados-artesanos-artes-plasticas-y-artistas-callejeros\\\/#primaryimage\"},\"thumbnailUrl\":\"https:\\\/\\\/i0.wp.com\\\/visitcalvia.org\\\/wp-content\\\/uploads\\\/2020\\\/04\\\/navidad_0001_Mercado-Peguera.jpg?fit=760%2C531&ssl=1\",\"datePublished\":\"2020-04-22T10:49:54+00:00\",\"dateModified\":\"2024-11-25T12:00:07+00:00\",\"author\":{\"@id\":\"https:\\\/\\\/visitcalvia.org\\\/de\\\/#\\\/schema\\\/person\\\/a9958b6ea4d14c3af86a8f68c63717d9\"},\"breadcrumb\":{\"@id\":\"https:\\\/\\\/visitcalvia.org\\\/de\\\/mercados-artesanos-artes-plasticas-y-artistas-callejeros\\\/#breadcrumb\"},\"inLanguage\":\"de\",\"potentialAction\":[{\"@type\":\"ReadAction\",\"target\":[\"https:\\\/\\\/visitcalvia.org\\\/de\\\/mercados-artesanos-artes-plasticas-y-artistas-callejeros\\\/\"]}]},{\"@type\":\"ImageObject\",\"inLanguage\":\"de\",\"@id\":\"https:\\\/\\\/visitcalvia.org\\\/de\\\/mercados-artesanos-artes-plasticas-y-artistas-callejeros\\\/#primaryimage\",\"url\":\"https:\\\/\\\/i0.wp.com\\\/visitcalvia.org\\\/wp-content\\\/uploads\\\/2020\\\/04\\\/navidad_0001_Mercado-Peguera.jpg?fit=760%2C531&ssl=1\",\"contentUrl\":\"https:\\\/\\\/i0.wp.com\\\/visitcalvia.org\\\/wp-content\\\/uploads\\\/2020\\\/04\\\/navidad_0001_Mercado-Peguera.jpg?fit=760%2C531&ssl=1\",\"width\":760,\"height\":531,\"caption\":\"Mercado\"},{\"@type\":\"BreadcrumbList\",\"@id\":\"https:\\\/\\\/visitcalvia.org\\\/de\\\/mercados-artesanos-artes-plasticas-y-artistas-callejeros\\\/#breadcrumb\",\"itemListElement\":[{\"@type\":\"ListItem\",\"position\":1,\"name\":\"Portada\",\"item\":\"https:\\\/\\\/visitcalvia.org\\\/de\\\/\"},{\"@type\":\"ListItem\",\"position\":2,\"name\":\"Mercados artesanos, artes pl\u00e1sticas y artistas callejeros\"}]},{\"@type\":\"WebSite\",\"@id\":\"https:\\\/\\\/visitcalvia.org\\\/de\\\/#website\",\"url\":\"https:\\\/\\\/visitcalvia.org\\\/de\\\/\",\"name\":\"visitcalvia\",\"description\":\"Vacaciones en Mallorca \u2013 Calvi\u00e0 m\u00faltiples destinos en uno s\u00f3lo lugar. Palmanova, Santa Pon\u00e7a, Magaluf, Peguera, Portals Nous, Costa d\u2019en Blanes, Cala Vinyes\",\"potentialAction\":[{\"@type\":\"SearchAction\",\"target\":{\"@type\":\"EntryPoint\",\"urlTemplate\":\"https:\\\/\\\/visitcalvia.org\\\/de\\\/?s={search_term_string}\"},\"query-input\":{\"@type\":\"PropertyValueSpecification\",\"valueRequired\":true,\"valueName\":\"search_term_string\"}}],\"inLanguage\":\"de\"},{\"@type\":\"Person\",\"@id\":\"https:\\\/\\\/visitcalvia.org\\\/de\\\/#\\\/schema\\\/person\\\/a9958b6ea4d14c3af86a8f68c63717d9\",\"name\":\"visitcalvia\",\"image\":{\"@type\":\"ImageObject\",\"inLanguage\":\"de\",\"@id\":\"https:\\\/\\\/secure.gravatar.com\\\/avatar\\\/9c4dc0c75576f24c11915ce419153364df184d60724a9d0df2b88363dd15a241?s=96&d=identicon&r=g\",\"url\":\"https:\\\/\\\/secure.gravatar.com\\\/avatar\\\/9c4dc0c75576f24c11915ce419153364df184d60724a9d0df2b88363dd15a241?s=96&d=identicon&r=g\",\"contentUrl\":\"https:\\\/\\\/secure.gravatar.com\\\/avatar\\\/9c4dc0c75576f24c11915ce419153364df184d60724a9d0df2b88363dd15a241?s=96&d=identicon&r=g\",\"caption\":\"visitcalvia\"},\"sameAs\":[\"http:\\\/\\\/visitcalvia.wordpress.com\"],\"url\":\"https:\\\/\\\/visitcalvia.org\\\/de\\\/author\\\/visitcalvia\\\/\"}]}<\/script>\n<!-- \/ Yoast SEO plugin. -->","yoast_head_json":{"title":"Mercados artesanos, artes pl\u00e1sticas y artistas callejeros - visitcalvia","robots":{"index":"index","follow":"follow","max-snippet":"max-snippet:-1","max-image-preview":"max-image-preview:large","max-video-preview":"max-video-preview:-1"},"canonical":"https:\/\/visitcalvia.org\/de\/mercados-artesanos-artes-plasticas-y-artistas-callejeros\/","og_locale":"de_DE","og_type":"article","og_title":"Mercados artesanos, artes pl\u00e1sticas y artistas callejeros - visitcalvia","og_description":"Dando la bienvenida al verano, cada a\u00f1o entre mayo y octubre, en las zonas m\u00e1s concurridas del paseo de Calvi\u00e0 de Santa Pon\u00e7a y Peguera una diversidad de artistas callejeros exponen diariamente sus creaciones o bien realizan obras al momento para alegrar el paseo vespertino de todos aquellos turistas que nos visitan.","og_url":"https:\/\/visitcalvia.org\/de\/mercados-artesanos-artes-plasticas-y-artistas-callejeros\/","og_site_name":"visitcalvia","article_published_time":"2020-04-22T10:49:54+00:00","article_modified_time":"2024-11-25T12:00:07+00:00","og_image":[{"width":760,"height":531,"url":"https:\/\/visitcalvia.org\/wp-content\/uploads\/2020\/04\/navidad_0001_Mercado-Peguera.jpg","type":"image\/jpeg"}],"author":"visitcalvia","twitter_card":"summary_large_image","twitter_misc":{"Verfasst von":"visitcalvia"},"schema":{"@context":"https:\/\/schema.org","@graph":[{"@type":"Article","@id":"https:\/\/visitcalvia.org\/de\/mercados-artesanos-artes-plasticas-y-artistas-callejeros\/#article","isPartOf":{"@id":"https:\/\/visitcalvia.org\/de\/mercados-artesanos-artes-plasticas-y-artistas-callejeros\/"},"author":{"name":"visitcalvia","@id":"https:\/\/visitcalvia.org\/de\/#\/schema\/person\/a9958b6ea4d14c3af86a8f68c63717d9"},"headline":"Mercados artesanos, artes pl\u00e1sticas y artistas callejeros","datePublished":"2020-04-22T10:49:54+00:00","dateModified":"2024-11-25T12:00:07+00:00","mainEntityOfPage":{"@id":"https:\/\/visitcalvia.org\/de\/mercados-artesanos-artes-plasticas-y-artistas-callejeros\/"},"wordCount":86,"image":{"@id":"https:\/\/visitcalvia.org\/de\/mercados-artesanos-artes-plasticas-y-artistas-callejeros\/#primaryimage"},"thumbnailUrl":"https:\/\/i0.wp.com\/visitcalvia.org\/wp-content\/uploads\/2020\/04\/navidad_0001_Mercado-Peguera.jpg?fit=760%2C531&ssl=1","keywords":["F\u00fcr Familien","F\u00fcr zweit","Jugendliche und Erwachsene","Messen und M\u00e4rkte","Peguera","Santa Pon\u00e7a"],"inLanguage":"de"},{"@type":"WebPage","@id":"https:\/\/visitcalvia.org\/de\/mercados-artesanos-artes-plasticas-y-artistas-callejeros\/","url":"https:\/\/visitcalvia.org\/de\/mercados-artesanos-artes-plasticas-y-artistas-callejeros\/","name":"Mercados artesanos, artes pl\u00e1sticas y artistas callejeros - visitcalvia","isPartOf":{"@id":"https:\/\/visitcalvia.org\/de\/#website"},"primaryImageOfPage":{"@id":"https:\/\/visitcalvia.org\/de\/mercados-artesanos-artes-plasticas-y-artistas-callejeros\/#primaryimage"},"image":{"@id":"https:\/\/visitcalvia.org\/de\/mercados-artesanos-artes-plasticas-y-artistas-callejeros\/#primaryimage"},"thumbnailUrl":"https:\/\/i0.wp.com\/visitcalvia.org\/wp-content\/uploads\/2020\/04\/navidad_0001_Mercado-Peguera.jpg?fit=760%2C531&ssl=1","datePublished":"2020-04-22T10:49:54+00:00","dateModified":"2024-11-25T12:00:07+00:00","author":{"@id":"https:\/\/visitcalvia.org\/de\/#\/schema\/person\/a9958b6ea4d14c3af86a8f68c63717d9"},"breadcrumb":{"@id":"https:\/\/visitcalvia.org\/de\/mercados-artesanos-artes-plasticas-y-artistas-callejeros\/#breadcrumb"},"inLanguage":"de","potentialAction":[{"@type":"ReadAction","target":["https:\/\/visitcalvia.org\/de\/mercados-artesanos-artes-plasticas-y-artistas-callejeros\/"]}]},{"@type":"ImageObject","inLanguage":"de","@id":"https:\/\/visitcalvia.org\/de\/mercados-artesanos-artes-plasticas-y-artistas-callejeros\/#primaryimage","url":"https:\/\/i0.wp.com\/visitcalvia.org\/wp-content\/uploads\/2020\/04\/navidad_0001_Mercado-Peguera.jpg?fit=760%2C531&ssl=1","contentUrl":"https:\/\/i0.wp.com\/visitcalvia.org\/wp-content\/uploads\/2020\/04\/navidad_0001_Mercado-Peguera.jpg?fit=760%2C531&ssl=1","width":760,"height":531,"caption":"Mercado"},{"@type":"BreadcrumbList","@id":"https:\/\/visitcalvia.org\/de\/mercados-artesanos-artes-plasticas-y-artistas-callejeros\/#breadcrumb","itemListElement":[{"@type":"ListItem","position":1,"name":"Portada","item":"https:\/\/visitcalvia.org\/de\/"},{"@type":"ListItem","position":2,"name":"Mercados artesanos, artes pl\u00e1sticas y artistas callejeros"}]},{"@type":"WebSite","@id":"https:\/\/visitcalvia.org\/de\/#website","url":"https:\/\/visitcalvia.org\/de\/","name":"visitcalvia","description":"Vacaciones en Mallorca \u2013 Calvi\u00e0 m\u00faltiples destinos en uno s\u00f3lo lugar. Palmanova, Santa Pon\u00e7a, Magaluf, Peguera, Portals Nous, Costa d\u2019en Blanes, Cala Vinyes","potentialAction":[{"@type":"SearchAction","target":{"@type":"EntryPoint","urlTemplate":"https:\/\/visitcalvia.org\/de\/?s={search_term_string}"},"query-input":{"@type":"PropertyValueSpecification","valueRequired":true,"valueName":"search_term_string"}}],"inLanguage":"de"},{"@type":"Person","@id":"https:\/\/visitcalvia.org\/de\/#\/schema\/person\/a9958b6ea4d14c3af86a8f68c63717d9","name":"visitcalvia","image":{"@type":"ImageObject","inLanguage":"de","@id":"https:\/\/secure.gravatar.com\/avatar\/9c4dc0c75576f24c11915ce419153364df184d60724a9d0df2b88363dd15a241?s=96&d=identicon&r=g","url":"https:\/\/secure.gravatar.com\/avatar\/9c4dc0c75576f24c11915ce419153364df184d60724a9d0df2b88363dd15a241?s=96&d=identicon&r=g","contentUrl":"https:\/\/secure.gravatar.com\/avatar\/9c4dc0c75576f24c11915ce419153364df184d60724a9d0df2b88363dd15a241?s=96&d=identicon&r=g","caption":"visitcalvia"},"sameAs":["http:\/\/visitcalvia.wordpress.com"],"url":"https:\/\/visitcalvia.org\/de\/author\/visitcalvia\/"}]}},"jetpack_publicize_connections":[],"jetpack_featured_media_url":"https:\/\/i0.wp.com\/visitcalvia.org\/wp-content\/uploads\/2020\/04\/navidad_0001_Mercado-Peguera.jpg?fit=760%2C531&ssl=1","jetpack_likes_enabled":false,"jetpack_sharing_enabled":false,"jetpack_shortlink":"https:\/\/wp.me\/pbP1bo-3A4","amp_enabled":true,"_links":{"self":[{"href":"https:\/\/visitcalvia.org\/de\/wp-json\/wp\/v2\/posts\/13768","targetHints":{"allow":["GET"]}}],"collection":[{"href":"https:\/\/visitcalvia.org\/de\/wp-json\/wp\/v2\/posts"}],"about":[{"href":"https:\/\/visitcalvia.org\/de\/wp-json\/wp\/v2\/types\/post"}],"author":[{"embeddable":true,"href":"https:\/\/visitcalvia.org\/de\/wp-json\/wp\/v2\/users\/182516946"}],"replies":[{"embeddable":true,"href":"https:\/\/visitcalvia.org\/de\/wp-json\/wp\/v2\/comments?post=13768"}],"version-history":[{"count":1,"href":"https:\/\/visitcalvia.org\/de\/wp-json\/wp\/v2\/posts\/13768\/revisions"}],"predecessor-version":[{"id":13769,"href":"https:\/\/visitcalvia.org\/de\/wp-json\/wp\/v2\/posts\/13768\/revisions\/13769"}],"wp:featuredmedia":[{"embeddable":true,"href":"https:\/\/visitcalvia.org\/de\/wp-json\/wp\/v2\/media\/6053"}],"wp:attachment":[{"href":"https:\/\/visitcalvia.org\/de\/wp-json\/wp\/v2\/media?parent=13768"}],"wp:term":[{"taxonomy":"category","embeddable":true,"href":"https:\/\/visitcalvia.org\/de\/wp-json\/wp\/v2\/categories?post=13768"},{"taxonomy":"post_tag","embeddable":true,"href":"https:\/\/visitcalvia.org\/de\/wp-json\/wp\/v2\/tags?post=13768"}],"curies":[{"name":"wp","href":"https:\/\/api.w.org\/{rel}","templated":true}]}}